{"id":9779,"date":"2022-07-27T10:30:22","date_gmt":"2022-07-27T10:30:22","guid":{"rendered":"https:\/\/amical-mauthausen.org\/?p=9779"},"modified":"2026-02-02T16:44:41","modified_gmt":"2026-02-02T16:44:41","slug":"profanar-els-temples-de-la-memoria","status":"publish","type":"post","link":"https:\/\/amical-mauthausen.org\/ca\/profanar-els-temples-de-la-memoria\/","title":{"rendered":"Profanar els temples de la mem\u00f2ria"},"content":{"rendered":"<p>A trav\u00e9s del seg\u00fcent enlla\u00e7 podreu llegir l&#8217;article de Rosa Toran, publicat al diari P\u00fablico, en motiu dels grav\u00edssims atacs als arbres commemoratius d&#8217;Ettersberg en mem\u00f2ria de presoners de Buchenwald:<\/p>\n<p><a href=\"https:\/\/blogs.publico.es\/dominiopublico\/47088\/profanar-los-templos-de-la-memoria\/\" target=\"_blank\" rel=\"noopener\">https:\/\/blogs.publico.es\/dominiopublico\/47088\/profanar-los-templos-de-la-memoria\/<\/a><\/p>\n","protected":false},"excerpt":{"rendered":"<p>A trav\u00e9s del seg\u00fcent enlla\u00e7 podreu llegir l&#8217;article de Rosa Toran, publicat al diari P\u00fablico, en motiu dels grav\u00edssims atacs als arbres commemoratius d&#8217;Ettersberg en mem\u00f2ria de presoners de Buchenwald: https:\/\/blogs.publico.es\/dominiopublico\/47088\/profanar-los-templos-de-la-memoria\/<\/p>\n","protected":false},"author":4,"featured_media":0,"comment_status":"closed","ping_status":"closed","sticky":false,"template":"","format":"standard","meta":{"_acf_changed":false,"footnotes":""},"categories":[9,1],"tags":[],"class_list":["post-9779","post","type-post","status-publish","format-standard","hentry","category-comunicats","category-noticies"],"acf":[],"_links":{"self":[{"href":"https:\/\/amical-mauthausen.org\/ca\/wp-json\/wp\/v2\/posts\/9779","targetHints":{"allow":["GET"]}}],"collection":[{"href":"https:\/\/amical-mauthausen.org\/ca\/wp-json\/wp\/v2\/posts"}],"about":[{"href":"https:\/\/amical-mauthausen.org\/ca\/wp-json\/wp\/v2\/types\/post"}],"author":[{"embeddable":true,"href":"https:\/\/amical-mauthausen.org\/ca\/wp-json\/wp\/v2\/users\/4"}],"replies":[{"embeddable":true,"href":"https:\/\/amical-mauthausen.org\/ca\/wp-json\/wp\/v2\/comments?post=9779"}],"version-history":[{"count":1,"href":"https:\/\/amical-mauthausen.org\/ca\/wp-json\/wp\/v2\/posts\/9779\/revisions"}],"predecessor-version":[{"id":9780,"href":"https:\/\/amical-mauthausen.org\/ca\/wp-json\/wp\/v2\/posts\/9779\/revisions\/9780"}],"wp:attachment":[{"href":"https:\/\/amical-mauthausen.org\/ca\/wp-json\/wp\/v2\/media?parent=9779"}],"wp:term":[{"taxonomy":"category","embeddable":true,"href":"https:\/\/amical-mauthausen.org\/ca\/wp-json\/wp\/v2\/categories?post=9779"},{"taxonomy":"post_tag","embeddable":true,"href":"https:\/\/amical-mauthausen.org\/ca\/wp-json\/wp\/v2\/tags?post=9779"}],"curies":[{"name":"wp","href":"https:\/\/api.w.org\/{rel}","templated":true}]}}