{"id":9319,"date":"2021-05-03T10:43:44","date_gmt":"2021-05-03T10:43:44","guid":{"rendered":"http:\/\/amical-mauthausen.org\/?p=9319"},"modified":"2026-02-02T16:41:10","modified_gmt":"2026-02-02T16:41:10","slug":"commemoracions-5-de-maig-2","status":"publish","type":"post","link":"https:\/\/amical-mauthausen.org\/ca\/commemoracions-5-de-maig-2\/","title":{"rendered":"Commemoracions 5 de maig"},"content":{"rendered":"<p style=\"text-align: center\"><strong>COMUNICAT<\/strong><\/p>\n<p>El 26 d&#8217;abril de 2019, el Consell de Ministres de el Govern d&#8217;Espanya va acordar instaurar el <strong>5 de maig<\/strong> com a <em>&#8220;Dia d&#8217;Homenatge als espanyols deportats i morts a Mauthausen i en altres camps i a totes les v\u00edctimes del nazisme d&#8217;Espanya&#8221;<\/em>. En la resoluci\u00f3 es recorda que la data triada coincideix amb la commemoraci\u00f3 de l&#8217;alliberament en 1945 del camp de Mauthausen, a \u00c0ustria, on van ser internats la majoria dels deportats espanyols, i on, finalment, en van morir la major part. Aquesta mesura respon a la demanda, llargament esperada, de la nostra associaci\u00f3, que des de 1962 -va ser fundada per supervivents, v\u00eddues, fills i amics, a la clandestinitat-, mant\u00e9 la mem\u00f2ria i el llegat antifeixista i democr\u00e0tic de la deportaci\u00f3 espanyola als camps de concentraci\u00f3 nazis.<\/p>\n<p>Amb aquesta commemoraci\u00f3 es pret\u00e9n:<\/p>\n<ul>\n<li>honrar la mem\u00f2ria d&#8217;aquests espanyols i espanyoles i recon\u00e8ixer el lloc de privilegi que els correspon no nom\u00e9s en la nostra hist\u00f2ria democr\u00e0tica, sin\u00f3 tamb\u00e9 a l&#8217;europea, per la seva defensa de la democr\u00e0cia i la llibertat;<\/li>\n<li>integrar el record de les v\u00edctimes del nazisme en les consci\u00e8ncies individuals i col\u00b7lectives per con\u00e8ixer fins on pot arribar la capacitat humana per perpetrar el mal i per exercir el b\u00e9; i<\/li>\n<li>convertir-se en mem\u00f2ria vigilant contra missatges i ins\u00eddies amena\u00e7adors de partits d&#8217;extrema dreta i moviments socials neofeixistes que cobren cada vegada m\u00e9s import\u00e0ncia per la seva capacitat d&#8217;aglutinar una part de la societat, principalment entre la joventut, descontenta amb la pol\u00edtica convencional per la falta de solucions a les seves necessitats<\/li>\n<\/ul>\n<p>Reflexionar sobre les causes que van conduir a la persecuci\u00f3 de tots els col\u00b7lectius considerats enemics esdev\u00e9 comprom\u00eds de lluita contra l&#8217;antisemitisme, racisme i qualsevol forma d&#8217;intoler\u00e0ncia, aix\u00ed com contra els revisionismes i negacionismes.<\/p>\n<p>Les circumst\u00e0ncies ens han impedit la pres\u00e8ncia en els actes commemoratius que s&#8217;havien de celebrar en els camps de concentraci\u00f3, en el 76 aniversari de l&#8217;alliberament, per\u00f2 el record de la deportaci\u00f3 roman en la nostra mem\u00f2ria col\u00b7lectiva i a exemple dels deportats, mantenim el comprom\u00eds a el servei de la llibertat i cap a noves formes de resist\u00e8ncia i solidaritat.<\/p>\n<p><em>Amical de Mauthausen i altres camps i de totes les v\u00edctimes del nazisme d&#8217;Espanya <\/em><\/p>\n<p>5 de maig de 2021<\/p>\n<p>Per commemorar aquesta data, l&#8217;Amical participa a un seguit d&#8217;activitats (trobareu m\u00e9s informaci\u00f3 als documents adjunts; us aconsellem contactar amb l&#8217;Ajuntament corresponent per con\u00e8ixer l&#8217;hora i el lloc previst per la commemoraci\u00f3).\u00a0 Quant a l&#8217;acte que organitza Casa Sefarad, trobareu la informaci\u00f3 en aquest <strong><a href=\"http:\/\/www5.teenvio.com\/v4\/public\/estadisticas\/lee\/centrosefaradisrael\/419\/760\/711a635651172b32d3fc9fe9b7deb88a\/\">enlla\u00e7<\/a><\/strong>.<\/p>\n","protected":false},"excerpt":{"rendered":"<p>COMUNICAT El 26 d&#8217;abril de 2019, el Consell de Ministres de el Govern d&#8217;Espanya va acordar instaurar el 5 de maig com a &#8220;Dia d&#8217;Homenatge als espanyols deportats i morts a Mauthausen i en altres camps i a totes les v\u00edctimes del nazisme d&#8217;Espanya&#8221;. En la resoluci\u00f3 es recorda que la data triada coincideix amb la commemoraci\u00f3 de l&#8217;alliberament en 1945 del camp de Mauthausen, a \u00c0ustria, on van ser internats la majoria dels deportats espanyols, i on, finalment, en van morir la major part. Aquesta mesura respon a la demanda, llargament esperada, de la nostra associaci\u00f3, que des de 1962 -va ser fundada per supervivents, v\u00eddues, fills i amics, &hellip; <a href=\"https:\/\/amical-mauthausen.org\/ca\/commemoracions-5-de-maig-2\/\" class=\"more-link\">Continua la lectura de <span class=\"screen-reader-text\">Commemoracions 5 de maig<\/span> <span class=\"meta-nav\">&rarr;<\/span><\/a><\/p>\n","protected":false},"author":4,"featured_media":0,"comment_status":"closed","ping_status":"closed","sticky":false,"template":"","format":"standard","meta":{"_acf_changed":false,"footnotes":""},"categories":[1],"tags":[],"class_list":["post-9319","post","type-post","status-publish","format-standard","hentry","category-noticies"],"acf":[],"_links":{"self":[{"href":"https:\/\/amical-mauthausen.org\/ca\/wp-json\/wp\/v2\/posts\/9319","targetHints":{"allow":["GET"]}}],"collection":[{"href":"https:\/\/amical-mauthausen.org\/ca\/wp-json\/wp\/v2\/posts"}],"about":[{"href":"https:\/\/amical-mauthausen.org\/ca\/wp-json\/wp\/v2\/types\/post"}],"author":[{"embeddable":true,"href":"https:\/\/amical-mauthausen.org\/ca\/wp-json\/wp\/v2\/users\/4"}],"replies":[{"embeddable":true,"href":"https:\/\/amical-mauthausen.org\/ca\/wp-json\/wp\/v2\/comments?post=9319"}],"version-history":[{"count":6,"href":"https:\/\/amical-mauthausen.org\/ca\/wp-json\/wp\/v2\/posts\/9319\/revisions"}],"predecessor-version":[{"id":9384,"href":"https:\/\/amical-mauthausen.org\/ca\/wp-json\/wp\/v2\/posts\/9319\/revisions\/9384"}],"wp:attachment":[{"href":"https:\/\/amical-mauthausen.org\/ca\/wp-json\/wp\/v2\/media?parent=9319"}],"wp:term":[{"taxonomy":"category","embeddable":true,"href":"https:\/\/amical-mauthausen.org\/ca\/wp-json\/wp\/v2\/categories?post=9319"},{"taxonomy":"post_tag","embeddable":true,"href":"https:\/\/amical-mauthausen.org\/ca\/wp-json\/wp\/v2\/tags?post=9319"}],"curies":[{"name":"wp","href":"https:\/\/api.w.org\/{rel}","templated":true}]}}