{"id":11747,"date":"2025-05-05T08:47:40","date_gmt":"2025-05-05T08:47:40","guid":{"rendered":"https:\/\/amical-mauthausen.org\/?p=11747"},"modified":"2026-02-02T16:49:40","modified_gmt":"2026-02-02T16:49:40","slug":"comunicat-5-de-maig-2025","status":"publish","type":"post","link":"https:\/\/amical-mauthausen.org\/ca\/comunicat-5-de-maig-2025\/","title":{"rendered":"Comunicat 5 de maig 2025"},"content":{"rendered":"<p>La celebraci\u00f3 el proper 5 de maig del <em><strong>Dia d&#8217;Homenatge als espanyols deportats i morts en Mauthausen i en altres camps i a totes les v\u00edctimes del nazisme d&#8217;Espanya<\/strong><\/em>, instaurat pel govern d\u2019Espaya el 2019, s&#8217;emmarca en el 80\u00e8. aniversari de l&#8217;alliberament dels camps nazis i el final de la Segona Guerra Mundial.<\/p>\n<p>La realitat europea, el 1945, era d&#8217;una destrucci\u00f3 generalitzada i els nostres deportats supervivents van tenir serioses dificultats per abandonar els camps recentment alliberats. A Mauthausen van comprovar la seva veritable condici\u00f3 d&#8217;ap\u00e0trides al no ser reclamats per ning\u00fa mentre veien, impotents, el retorn als seus respectius pa\u00efsos dels companys de deportaci\u00f3. Passades unes setmanes, els francesos repatriats van instar al seu govern perqu\u00e8 acoll\u00eds a aquests espanyols i, a poc a poc i per diferents vies, van anar arribant a Fran\u00e7a.<\/p>\n<p>Es van veure obligats a continuar el llarg exili republic\u00e0 i la Guerra Freda, en la qual el franquisme va trobar acomodament pel seu accentuat anticomunisme, va frustrar el seu retorn a un pa\u00eds on viure en llibertat. Sols uns centenars van decidir tornar a Espanya per a intentar refer les seves vides i res va ser f\u00e0cil per a ells: a les possibles repres\u00e0lies del r\u00e8gim calia afegir les dificultats per incorporar-se al m\u00f3n laboral i al seu entorn familiar.<\/p>\n<p>Molts dels supervivents van viure en silenci la seva experi\u00e8ncia. Explicar l&#8217;inexplicable era una tasca quasi impossible i intentaven protegir als seus evitant transmetre&#8217;ls el seu dolor. Per\u00f2, afortunadament, va haver-hi els qui van aconseguir v\u00e8ncer aquella barrera i van decidir parlar, testimoniar el que havia succe\u00eft i agrupar-se per a reivindicar els seus drets. Aquest esperit explica la fundaci\u00f3 -per supervivents de diferents camps, v\u00eddues i familiars- de l\u2019<strong>Amical de Mauthausen i altres camps i de totes les v\u00edctimes del nazisme d&#8217;Espanya<\/strong> en el lluny\u00e0 any de 1962. Una iniciativa pionera en l&#8217;\u00e0mbit de les associacions de mem\u00f2ria del pa\u00eds per a donar a con\u00e8ixer les causes de la seva deportaci\u00f3, testimoniar les seves experi\u00e8ncies personals i posar en valor l&#8217;internacionalisme com a expressi\u00f3 m\u00e0xima de l&#8217;antifeixisme. Tots aquests objectius tenien com finalitat la prevenci\u00f3, com es van juramentar, despr\u00e9s de l&#8217;alliberament dels camps, per a aconseguir un m\u00f3n m\u00e9s just i en pau.<\/p>\n<p>Despr\u00e9s de les d\u00e8cades passades, continua sent necessari mantenir aquells objectius fundacionals quan veiem com la guerra afecta a milions de persones en llocs com Ucra\u00efna, Palestina, Iemen,&#8230; menyspreant els Drets Humans i vulnerant la legalitat internacional per interessos pol\u00edtics, territorials o estrat\u00e8gics.<\/p>\n<p>Des de l&#8217;Amical de Mauthausen reafirmem, en aquest dia de record a les v\u00edctimes espanyoles del nazisme, el comprom\u00eds de preservar el llegat dels nostres fundadors i fundadores, exigint als governs democr\u00e0tics la concreci\u00f3 de pol\u00edtiques actives per a solucionar els problemes reals de les persones, desmuntar els discursos banals de l&#8217;extrema dreta, i implementar veritables pol\u00edtiques de mem\u00f2ria democr\u00e0tica per a donar a con\u00e8ixer a la ciutadania les lluites dels qui ens van precedir per aconseguir els drets que gaudim a l&#8217;actualitat.<\/p>\n<p>Per la seva mem\u00f2ria, pel nostre futur, Mai M\u00e9s!<\/p>\n<p><em><strong>Amical de Mauthausen i altres camps i de totes les v\u00edctimes del nazisme d&#8217;Espanya<\/strong><\/em><\/p>\n<p>Abril de 2025<\/p>\n","protected":false},"excerpt":{"rendered":"<p>La celebraci\u00f3 el proper 5 de maig del Dia d&#8217;Homenatge als espanyols deportats i morts en Mauthausen i en altres camps i a totes les v\u00edctimes del nazisme d&#8217;Espanya, instaurat pel govern d\u2019Espaya el 2019, s&#8217;emmarca en el 80\u00e8. aniversari de l&#8217;alliberament dels camps nazis i el final de la Segona Guerra Mundial. La realitat europea, el 1945, era d&#8217;una destrucci\u00f3 generalitzada i els nostres deportats supervivents van tenir serioses dificultats per abandonar els camps recentment alliberats. A Mauthausen van comprovar la seva veritable condici\u00f3 d&#8217;ap\u00e0trides al no ser reclamats per ning\u00fa mentre veien, impotents, el retorn als seus respectius pa\u00efsos dels companys de deportaci\u00f3. Passades unes setmanes, els francesos &hellip; <a href=\"https:\/\/amical-mauthausen.org\/ca\/comunicat-5-de-maig-2025\/\" class=\"more-link\">Continua la lectura de <span class=\"screen-reader-text\">Comunicat 5 de maig 2025<\/span> <span class=\"meta-nav\">&rarr;<\/span><\/a><\/p>\n","protected":false},"author":4,"featured_media":0,"comment_status":"closed","ping_status":"closed","sticky":false,"template":"","format":"standard","meta":{"_acf_changed":false,"footnotes":""},"categories":[9,1],"tags":[],"class_list":["post-11747","post","type-post","status-publish","format-standard","hentry","category-comunicats","category-noticies"],"acf":[],"_links":{"self":[{"href":"https:\/\/amical-mauthausen.org\/ca\/wp-json\/wp\/v2\/posts\/11747","targetHints":{"allow":["GET"]}}],"collection":[{"href":"https:\/\/amical-mauthausen.org\/ca\/wp-json\/wp\/v2\/posts"}],"about":[{"href":"https:\/\/amical-mauthausen.org\/ca\/wp-json\/wp\/v2\/types\/post"}],"author":[{"embeddable":true,"href":"https:\/\/amical-mauthausen.org\/ca\/wp-json\/wp\/v2\/users\/4"}],"replies":[{"embeddable":true,"href":"https:\/\/amical-mauthausen.org\/ca\/wp-json\/wp\/v2\/comments?post=11747"}],"version-history":[{"count":1,"href":"https:\/\/amical-mauthausen.org\/ca\/wp-json\/wp\/v2\/posts\/11747\/revisions"}],"predecessor-version":[{"id":11751,"href":"https:\/\/amical-mauthausen.org\/ca\/wp-json\/wp\/v2\/posts\/11747\/revisions\/11751"}],"wp:attachment":[{"href":"https:\/\/amical-mauthausen.org\/ca\/wp-json\/wp\/v2\/media?parent=11747"}],"wp:term":[{"taxonomy":"category","embeddable":true,"href":"https:\/\/amical-mauthausen.org\/ca\/wp-json\/wp\/v2\/categories?post=11747"},{"taxonomy":"post_tag","embeddable":true,"href":"https:\/\/amical-mauthausen.org\/ca\/wp-json\/wp\/v2\/tags?post=11747"}],"curies":[{"name":"wp","href":"https:\/\/api.w.org\/{rel}","templated":true}]}}