{"id":10747,"date":"2024-05-16T09:16:26","date_gmt":"2024-05-16T09:16:26","guid":{"rendered":"https:\/\/amical-mauthausen.org\/?p=10747"},"modified":"2026-02-02T16:48:50","modified_gmt":"2026-02-02T16:48:50","slug":"guanyadors-iii-premi-amical-de-mauthausen-i-altres-camps-en-memoria-de-la-deportacio-republicana","status":"publish","type":"post","link":"https:\/\/amical-mauthausen.org\/ca\/guanyadors-iii-premi-amical-de-mauthausen-i-altres-camps-en-memoria-de-la-deportacio-republicana\/","title":{"rendered":"GUANYADORS III PREMI AMICAL DE MAUTHAUSEN I ALTRES CAMPS EN MEM\u00d2RIA DE LA DEPORTACI\u00d3 REPUBLICANA"},"content":{"rendered":"<p><strong>L\u2019alumna Berta Saban\u00e9s Munn\u00e9 de l\u2019Institut Francisco de Goya de Barcelona ha estat la guanyadora del III Premi Amical de Mauthausen i altres camps en mem\u00f2ria de la deportaci\u00f3 en la modalitat de fotografia i creaci\u00f3 art\u00edstica Francesc Boix.<\/strong><\/p>\n<p><strong>Les alumnes de l\u2019IES Francesc Ferrer i Gu\u00e0rdia de Val\u00e8ncia, Banina Mouloud Lehbib i Sof\u00eda Monle\u00f3n Vicente, han vist reconegut el seu treball amb la concessi\u00f3 d\u2019un acc\u00e8ssit en el III Premi Amical de Mauthausen i altres camps en mem\u00f2ria de la deportaci\u00f3 en la modalitat de creaci\u00f3 liter\u00e0ria Montserrat Roig.<\/strong><\/p>\n<p>L\u2019Amical de Mauthausen ha atorgat aquest mes de maig el seu III Premi Amical de Mauthausen i altres camps en mem\u00f2ria de la deportaci\u00f3 republicana, al que han concorregut nombrosos joves d\u2019arreu de l\u2019Estat.<\/p>\n<p>El premi Francesc Boix a la millor creaci\u00f3 art\u00edstica se l\u2019ha endut l\u2019alumna Berta Saban\u00e9s Munn\u00e9 per una fotografia realitzada al camp de concentraci\u00f3 d\u2019Auschwitz.<\/p>\n<p>Pel que fa al premi Montserrat Roig a la creaci\u00f3 liter\u00e0ria, el jurat, despr\u00e9s de valorar els treballs presentats, ha decidit no adjudicar el premi. Tot i que alguns del treballs s\u00f3n for\u00e7a correctes des del punt de vista literari, contenen errors sobre els fets hist\u00f2rics que relaten. Cal recordar que, tal i com indiquen les bases del Premi, l&#8217;objectiu d&#8217;aquesta modalitat del Premi Amical de Mauthausen \u00e9s &#8220;estimular entre els estudiants la creaci\u00f3 liter\u00e0ria, mitjan\u00e7ant treballs que facin alguna aportaci\u00f3 al coneixement hist\u00f2ric, vinculat als temes que l&#8217;Amical de Mauthausen i altres camps t\u00e9 com a propis&#8221;.<\/p>\n<p>Tot i aix\u00ed, per la seva originalitat, estructura, ortografia, entre altres aspectes, el jurat ha decidit atorgar dos acc\u00e8ssits als treballs <em>Valerianes <\/em>i <em>Tango trist<\/em>, escrits per Banina Mouloud Lehbib i Sof\u00eda Monle\u00f3n Vicente, respectivament, totes dues alumnes de l\u2019IES Francesc Ferrer i Gu\u00e0rdia de Val\u00e8ncia.<\/p>\n<p>En les properes setmanes tindr\u00e0 lloc l\u2019acte de lliurament del premi en la categoria Francesc Boix: un aparell electr\u00f2nic per valor de 400 \u20ac i un diploma de reconeixement, i el seu treball estar\u00e0 penjat al web de l\u2019<a href=\"https:\/\/amical-mauthausen.org\/ca\/educacio\/premi-amical-de-mauthausen\/\">Amical de Mauthausen<\/a> i de la <a href=\"https:\/\/xarxamaimes.org\/joves\/premis\/\">Xarxa Mai M\u00e9s<\/a>.<\/p>\n","protected":false},"excerpt":{"rendered":"<p>L\u2019alumna Berta Saban\u00e9s Munn\u00e9 de l\u2019Institut Francisco de Goya de Barcelona ha estat la guanyadora del III Premi Amical de Mauthausen i altres camps en mem\u00f2ria de la deportaci\u00f3 en la modalitat de fotografia i creaci\u00f3 art\u00edstica Francesc Boix. Les alumnes de l\u2019IES Francesc Ferrer i Gu\u00e0rdia de Val\u00e8ncia, Banina Mouloud Lehbib i Sof\u00eda Monle\u00f3n Vicente, han vist reconegut el seu treball amb la concessi\u00f3 d\u2019un acc\u00e8ssit en el III Premi Amical de Mauthausen i altres camps en mem\u00f2ria de la deportaci\u00f3 en la modalitat de creaci\u00f3 liter\u00e0ria Montserrat Roig. L\u2019Amical de Mauthausen ha atorgat aquest mes de maig el seu III Premi Amical de Mauthausen i altres camps en &hellip; <a href=\"https:\/\/amical-mauthausen.org\/ca\/guanyadors-iii-premi-amical-de-mauthausen-i-altres-camps-en-memoria-de-la-deportacio-republicana\/\" class=\"more-link\">Continua la lectura de <span class=\"screen-reader-text\">GUANYADORS III PREMI AMICAL DE MAUTHAUSEN I ALTRES CAMPS EN MEM\u00d2RIA DE LA DEPORTACI\u00d3 REPUBLICANA<\/span> <span class=\"meta-nav\">&rarr;<\/span><\/a><\/p>\n","protected":false},"author":4,"featured_media":0,"comment_status":"closed","ping_status":"closed","sticky":false,"template":"","format":"standard","meta":{"_acf_changed":false,"footnotes":""},"categories":[1],"tags":[],"class_list":["post-10747","post","type-post","status-publish","format-standard","hentry","category-noticies"],"acf":[],"_links":{"self":[{"href":"https:\/\/amical-mauthausen.org\/ca\/wp-json\/wp\/v2\/posts\/10747","targetHints":{"allow":["GET"]}}],"collection":[{"href":"https:\/\/amical-mauthausen.org\/ca\/wp-json\/wp\/v2\/posts"}],"about":[{"href":"https:\/\/amical-mauthausen.org\/ca\/wp-json\/wp\/v2\/types\/post"}],"author":[{"embeddable":true,"href":"https:\/\/amical-mauthausen.org\/ca\/wp-json\/wp\/v2\/users\/4"}],"replies":[{"embeddable":true,"href":"https:\/\/amical-mauthausen.org\/ca\/wp-json\/wp\/v2\/comments?post=10747"}],"version-history":[{"count":5,"href":"https:\/\/amical-mauthausen.org\/ca\/wp-json\/wp\/v2\/posts\/10747\/revisions"}],"predecessor-version":[{"id":10762,"href":"https:\/\/amical-mauthausen.org\/ca\/wp-json\/wp\/v2\/posts\/10747\/revisions\/10762"}],"wp:attachment":[{"href":"https:\/\/amical-mauthausen.org\/ca\/wp-json\/wp\/v2\/media?parent=10747"}],"wp:term":[{"taxonomy":"category","embeddable":true,"href":"https:\/\/amical-mauthausen.org\/ca\/wp-json\/wp\/v2\/categories?post=10747"},{"taxonomy":"post_tag","embeddable":true,"href":"https:\/\/amical-mauthausen.org\/ca\/wp-json\/wp\/v2\/tags?post=10747"}],"curies":[{"name":"wp","href":"https:\/\/api.w.org\/{rel}","templated":true}]}}