{"id":10490,"date":"2023-06-28T10:31:03","date_gmt":"2023-06-28T10:31:03","guid":{"rendered":"https:\/\/amical-mauthausen.org\/?p=10490"},"modified":"2026-02-02T16:45:42","modified_gmt":"2026-02-02T16:45:42","slug":"lamical-de-mauthausen-davant-els-pactes-amb-lextrema-dreta-a-les-institucions","status":"publish","type":"post","link":"https:\/\/amical-mauthausen.org\/ca\/lamical-de-mauthausen-davant-els-pactes-amb-lextrema-dreta-a-les-institucions\/","title":{"rendered":"L&#8217;AMICAL DE MAUTHAUSEN DAVANT ELS PACTES AMB L&#8217;EXTREMA DRETA A LES INSTITUCIONS"},"content":{"rendered":"<p><strong>L&#8217;AMICAL DE MAUTHAUSEN DAVANT ELS PACTES AMB L&#8217;EXTREMA DRETA A LES INSTITUCIONS<\/strong><\/p>\n<p>Al mes de juliol de 2018, els Comit\u00e8s Internacionals dels antics camps de concentraci\u00f3 nazis advertien del potencial perill per a les nostres democr\u00e0cies i per a la perviv\u00e8ncia dels Drets Humans dels discursos de l&#8217;extrema dreta que, de manera impune, s&#8217;estenien per Europa i altres parts del m\u00f3n, reafirmant-se en el seu comprom\u00eds per continuar lluitant per un m\u00f3n en pau i solidari.<\/p>\n<p>Passats aquests pocs anys, observem, amb enorme preocupaci\u00f3, com aquella advert\u00e8ncia responia a una an\u00e0lisi encertada, basada en la pr\u00f2pia experi\u00e8ncia dels supervivents dels camps. Avui veiem com a diversos pa\u00efsos i al nostre propi aquells discursos d&#8217;odi es difonen lliurement \u2013 emparant-se en les garanties dels nostres sistemes democr\u00e0tics \u2013 adquirint predicament entre amplis sectors de la poblaci\u00f3 que es troben aclaparats davant la complexitat dels problemes als quals s\u2019enfronten les societats democr\u00e0tiques occidentals, les quals semblen incapaces per a desenvolupar respostes i\/o propostes satisfact\u00f2ries a aquests problemes.<\/p>\n<p>L&#8217;extrema dreta, amb un discurs simple, manipulador, superficial, amb mentides i difamacions, es presenta com si determinats grups socials, o les pol\u00edtiques desenvolupades pels governs progressistes, fossin els culpables de les dificultats a qu\u00e8 s&#8217;enfronta la ciutadania dia rere dia. Apel\u00b7la a un negacionisme groller sobre problemes que la comunitat cient\u00edfica t\u00e9 perfectament diagnosticats, com el canvi clim\u00e0tic, o que la societat ha delimitat i als quals intenta posar soluci\u00f3, com \u00e9s el cas de la viol\u00e8ncia de g\u00e8nere; a aix\u00f2 s&#8217;hi afegeix la criminalitzaci\u00f3 de determinats col\u00b7lectius, posant en perill els drets que s&#8217;han anat adquirint, com \u00e9s el cas del moviment feminista o dels migrants; tamb\u00e9 criminalitzen els qui simplement pensen diferent, menyspreant la l\u00f2gica controv\u00e8rsia entre les diverses opcions democr\u00e0tiques per convertir l&#8217;adversari en enemic pol\u00edtic.<\/p>\n<p>Despr\u00e9s de les eleccions celebrades el 28 de maig passat, s&#8217;han constitu\u00eft els nous ajuntaments i ben aviat tindr\u00e0 lloc la formaci\u00f3 de nombrosos governs auton\u00f2mics. Veiem avergonyits com en algunes d&#8217;aquestes institucions s&#8217;han realitzat (o s&#8217;estan negociant) pactes amb l&#8217;extrema dreta, blanquejant aix\u00ed el discurs d&#8217;odi i de discriminaci\u00f3.<\/p>\n<p>Avui m\u00e9s que mai ens sentim interpel\u00b7lats per aquell \u201cMai M\u00e9s!\u201d que van cridar els supervivents dels camps \u2013 homes i dones \u2013 aquella primavera de 1945 quan es van conjurar per un m\u00f3n millor i m\u00e9s lliure. L&#8217;Amical de Mauthausen i altres camps i de totes les v\u00edctimes del nazisme d&#8217;Espanya, per la seva hist\u00f2ria i per respecte als seus fundadors, no es pot mantenir silenciosa davant de aquest gran engany i manipulaci\u00f3 pol\u00edtica, per aix\u00f2 demanem a totes les forces democr\u00e0tiques, presents a les diferents institucions, que prioritzin la perviv\u00e8ncia i la salvaguarda de tots els drets aconseguits, negant-se a pactar amb els partits de l&#8217;extrema dreta.<\/p>\n<p>Aix\u00ed mateix, l&#8217;Amical de Mauthausen i altres camps, a la reuni\u00f3 de Junta celebrada el passat 14 de juny, ha pres l&#8217;acord un\u00e0nime de congelar la relaci\u00f3 amb totes les institucions on s&#8217;hagi materialitzat un pacte amb l&#8217;extrema dreta ja sigui per exercir el govern o per haver acordat determinades actuacions pol\u00edtiques amb la intencionalitat de derogar o menyscabar la legislaci\u00f3 que empara els drets consolidats.<\/p>\n<p>Barcelona, 22 de juny de 2023<\/p>\n<p>&nbsp;<\/p>\n","protected":false},"excerpt":{"rendered":"<p>L&#8217;AMICAL DE MAUTHAUSEN DAVANT ELS PACTES AMB L&#8217;EXTREMA DRETA A LES INSTITUCIONS Al mes de juliol de 2018, els Comit\u00e8s Internacionals dels antics camps de concentraci\u00f3 nazis advertien del potencial perill per a les nostres democr\u00e0cies i per a la perviv\u00e8ncia dels Drets Humans dels discursos de l&#8217;extrema dreta que, de manera impune, s&#8217;estenien per Europa i altres parts del m\u00f3n, reafirmant-se en el seu comprom\u00eds per continuar lluitant per un m\u00f3n en pau i solidari. Passats aquests pocs anys, observem, amb enorme preocupaci\u00f3, com aquella advert\u00e8ncia responia a una an\u00e0lisi encertada, basada en la pr\u00f2pia experi\u00e8ncia dels supervivents dels camps. Avui veiem com a diversos pa\u00efsos i al nostre &hellip; <a href=\"https:\/\/amical-mauthausen.org\/ca\/lamical-de-mauthausen-davant-els-pactes-amb-lextrema-dreta-a-les-institucions\/\" class=\"more-link\">Continua la lectura de <span class=\"screen-reader-text\">L&#8217;AMICAL DE MAUTHAUSEN DAVANT ELS PACTES AMB L&#8217;EXTREMA DRETA A LES INSTITUCIONS<\/span> <span class=\"meta-nav\">&rarr;<\/span><\/a><\/p>\n","protected":false},"author":4,"featured_media":0,"comment_status":"closed","ping_status":"closed","sticky":false,"template":"","format":"standard","meta":{"_acf_changed":false,"footnotes":""},"categories":[1],"tags":[],"class_list":["post-10490","post","type-post","status-publish","format-standard","hentry","category-noticies"],"acf":[],"_links":{"self":[{"href":"https:\/\/amical-mauthausen.org\/ca\/wp-json\/wp\/v2\/posts\/10490","targetHints":{"allow":["GET"]}}],"collection":[{"href":"https:\/\/amical-mauthausen.org\/ca\/wp-json\/wp\/v2\/posts"}],"about":[{"href":"https:\/\/amical-mauthausen.org\/ca\/wp-json\/wp\/v2\/types\/post"}],"author":[{"embeddable":true,"href":"https:\/\/amical-mauthausen.org\/ca\/wp-json\/wp\/v2\/users\/4"}],"replies":[{"embeddable":true,"href":"https:\/\/amical-mauthausen.org\/ca\/wp-json\/wp\/v2\/comments?post=10490"}],"version-history":[{"count":1,"href":"https:\/\/amical-mauthausen.org\/ca\/wp-json\/wp\/v2\/posts\/10490\/revisions"}],"predecessor-version":[{"id":10493,"href":"https:\/\/amical-mauthausen.org\/ca\/wp-json\/wp\/v2\/posts\/10490\/revisions\/10493"}],"wp:attachment":[{"href":"https:\/\/amical-mauthausen.org\/ca\/wp-json\/wp\/v2\/media?parent=10490"}],"wp:term":[{"taxonomy":"category","embeddable":true,"href":"https:\/\/amical-mauthausen.org\/ca\/wp-json\/wp\/v2\/categories?post=10490"},{"taxonomy":"post_tag","embeddable":true,"href":"https:\/\/amical-mauthausen.org\/ca\/wp-json\/wp\/v2\/tags?post=10490"}],"curies":[{"name":"wp","href":"https:\/\/api.w.org\/{rel}","templated":true}]}}